{"id":3930,"date":"2023-10-18T13:34:48","date_gmt":"2023-10-18T11:34:48","guid":{"rendered":"http:\/\/africawomenexperts.com\/lng\/fr\/?p=3930"},"modified":"2023-10-18T13:34:48","modified_gmt":"2023-10-18T11:34:48","slug":"ketsia-passou-onema-la-jeune-congolaise-activiste-du-climat","status":"publish","type":"post","link":"https:\/\/africawomenexperts.com\/lng\/fr\/2023\/10\/ketsia-passou-onema-la-jeune-congolaise-activiste-du-climat\/","title":{"rendered":"Ketsia Passou Onema, la jeune Congolaise activiste du climat"},"content":{"rendered":"<p><strong>A seulement 19 ans, Ketsia Passou Onema, originaire de la R\u00e9publique D\u00e9mocratique du Congo (RDC), a fait de la protection de l\u2019environnement et des enjeux climatiques, son combat. Fondatrice de l\u2019association Fania, la jeune activiste est aujourd\u2019hui D\u00e9fenseure de la Jeunesse de l\u2019UNICEF en RDC et Ambassadrice pour la cause environnementale et climatique.<\/strong><\/p>\n<p>Bien que tr\u00e8s jeune, Ketsia Passou Onema a une bonne maitrise des questions environnementales et climatiques, mais aussi des droits des enfants qu\u2019elle d\u00e9fend, en RDC ou au niveau international. Celle qui ambitionne de devenir plus tard Ing\u00e9nieure en environnement est consid\u00e9r\u00e9e aujourd\u2019hui comme l\u2019une des figures majeures de la protection de l\u2019environnement en RDC.<\/p>\n<p>C\u2019est apr\u00e8s un d\u00e9m\u00e9nagement avec sa famille \u00e0 Kinshasa dans un quartier proche du fleuve, qu\u2019elle commence \u00e0 s\u2019int\u00e9resser aux questions li\u00e9es \u00e0 l\u2019environnement. Toute petite, elle est constern\u00e9e de voir des tonnes de d\u00e9chets s\u2019accumuler \u00e0 l\u2019air libre et baigner dans le fleuve, faute de d\u00e9charge publique. Alors qu\u2019elle est au lyc\u00e9e, \u00e0 ses 12 ans, elle a l\u2019opportunit\u00e9 de participer \u00e0 une formation d\u2019\u00ab\u00a0Enfant reporter\u00a0\u00bb de l\u2019UNICEF. Elle commence d\u00e8s lors \u00e0 r\u00e9diger des articles sur la pollution des eaux en RDC, mais aussi sur les droits des enfants qui sont viol\u00e9s&#8230;<\/p>\n<p>Plus tard, en 2021, en raison de son engagement en faveur de la jeunesse, elle est nomm\u00e9e D\u00e9fenseure de la Jeunesse de l\u2019UNICEF, avec pour mission de sensibiliser l\u2019opinion publique sur les probl\u00e8mes qui touchent les enfants et les jeunes \u00e0 travers le monde. Elle parvient ainsi \u00e0 porter des plaidoyers sur diff\u00e9rentes causes aupr\u00e8s des autorit\u00e9s congolaises, entre autres l\u2019enregistrement des enfants \u00e0 l\u2019\u00e9tat civil, le droit d\u2019acc\u00e8s des enfants \u00e0 l\u2019eau potable&#8230;.<\/p>\n<p>En tant qu\u2019Ambassadrice UNICEF pour la cause environnementale et climatique, elle s\u2019engage \u00e0 faire entendre la voix des jeunes de son pays sur ces questions. Avec d\u2019autres jeunes, elle intervient dans des \u00e9coles pour sensibiliser \u00e0 l\u2019importance de la protection de l\u2019environnement\u00a0; organise des mobilisations publiques, comme la marche pour le climat \u00e0 Kinshasa avant la COP 27. Elle est aussi invit\u00e9e en 2022 \u00e0 prendre la parole lors de la COP27 de Charm-el-Cheikh.<\/p>\n<p>En Septembre 2022, Ketsia fonde l\u2019association Fania, une organisation qui regroupe des jeunes pour lutter contre la production de plastique et la pollution des eaux en RDC.<\/p>\n<p>La jeune Congolaise poursuit son engagement en faveur du climat. En F\u00e9vrier 2023, elle a particip\u00e9 \u00e0 une r\u00e9sidence organis\u00e9e par l\u2019ambassade de France au Cameroun, sur les modes d\u2019actions pour faire avancer la prise en compte de l\u2019urgence \u00e9cologique. En Juillet dernier, elle a pris part au Forum M\u00e9dias et D\u00e9veloppement en France.<\/p>\n<p>&nbsp;<\/p>\n<p>&nbsp;<\/p>\n<p>&nbsp;<\/p>\n","protected":false},"excerpt":{"rendered":"<p>A seulement 19 ans, Ketsia Passou Onema, originaire de la R\u00e9publique D\u00e9mocratique du Congo (RDC), a fait de la protection de l\u2019environnement et des enjeux climatiques, son combat. Fondatrice de l\u2019association Fania, la jeune activiste est aujourd\u2019hui D\u00e9fenseure de la Jeunesse de l\u2019UNICEF en RDC et Ambassadrice pour la cause environnementale et climatique. Bien que [&hellip;]<\/p>\n","protected":false},"author":1,"featured_media":3931,"comment_status":"open","ping_status":"open","sticky":false,"template":"","format":"standard","meta":{"footnotes":""},"categories":[3],"tags":[],"_links":{"self":[{"href":"https:\/\/africawomenexperts.com\/lng\/fr\/api\/wp\/v2\/posts\/3930"}],"collection":[{"href":"https:\/\/africawomenexperts.com\/lng\/fr\/api\/wp\/v2\/posts"}],"about":[{"href":"https:\/\/africawomenexperts.com\/lng\/fr\/api\/wp\/v2\/types\/post"}],"author":[{"embeddable":true,"href":"https:\/\/africawomenexperts.com\/lng\/fr\/api\/wp\/v2\/users\/1"}],"replies":[{"embeddable":true,"href":"https:\/\/africawomenexperts.com\/lng\/fr\/api\/wp\/v2\/comments?post=3930"}],"version-history":[{"count":2,"href":"https:\/\/africawomenexperts.com\/lng\/fr\/api\/wp\/v2\/posts\/3930\/revisions"}],"predecessor-version":[{"id":3933,"href":"https:\/\/africawomenexperts.com\/lng\/fr\/api\/wp\/v2\/posts\/3930\/revisions\/3933"}],"wp:featuredmedia":[{"embeddable":true,"href":"https:\/\/africawomenexperts.com\/lng\/fr\/api\/wp\/v2\/media\/3931"}],"wp:attachment":[{"href":"https:\/\/africawomenexperts.com\/lng\/fr\/api\/wp\/v2\/media?parent=3930"}],"wp:term":[{"taxonomy":"category","embeddable":true,"href":"https:\/\/africawomenexperts.com\/lng\/fr\/api\/wp\/v2\/categories?post=3930"},{"taxonomy":"post_tag","embeddable":true,"href":"https:\/\/africawomenexperts.com\/lng\/fr\/api\/wp\/v2\/tags?post=3930"}],"curies":[{"name":"wp","href":"https:\/\/api.w.org\/{rel}","templated":true}]}}