{"id":326,"date":"2018-10-30T15:08:56","date_gmt":"2018-10-30T14:08:56","guid":{"rendered":"http:\/\/africawomenexperts.com\/lng\/fr\/?p=326"},"modified":"2018-10-31T23:07:34","modified_gmt":"2018-10-31T22:07:34","slug":"les-panafricaines-le-reseau-se-dote-de-solides-structures-de-gouvernance","status":"publish","type":"post","link":"https:\/\/africawomenexperts.com\/lng\/fr\/2018\/10\/les-panafricaines-le-reseau-se-dote-de-solides-structures-de-gouvernance\/","title":{"rendered":"Les Panafricaines: le r\u00e9seau se dote de solides structures de gouvernance"},"content":{"rendered":"<p>Casablanca, le 27 octobre 2018 \u2013 Initi\u00e9e par le groupe 2M et port\u00e9e par Radio 2M, la 2\u00e8me \u00e9dition du Forum des femmes journalistes d\u2019Afrique a \u00e9t\u00e9 marqu\u00e9e par la mise en place officielle des structures organisationnelles du r\u00e9seau \u00ab Les Panafricaines \u00bb. Un mod\u00e8le qui est le fruit des discussions men\u00e9es lors d\u2019un atelier o\u00f9 les participantes ont longuement \u00e9chang\u00e9 autour des aspects juridiques, r\u00e9glementaires et de gouvernance du r\u00e9seau.<br \/>\nAinsi que l\u2019a d\u00e9clar\u00e9 Adil Maazouz, expert accompagnant de l\u2019atelier et sp\u00e9cialiste des questions juridiques dans le secteur des m\u00e9dias, \u00ab nous allons mettre en place tous les dispositifs l\u00e9gaux n\u00e9cessaires pour permettre aux Panafricaines de travailler et d\u2019\u00e9voluer dans un environnement juridique, stable, pertinent et serein \u00bb.<\/p>\n<p>Fathia El Aouni, R\u00e9dactrice en Chef Principale, en charge de l\u2019antenne de Radio 2M a en outre expliqu\u00e9 que \u00ab ce r\u00e9seau regroupe les journalistes travaillant au sein et hors du continent africain, qui pourront d\u00e9sormais \u00eatre notre porte-voix. \u2018Les Panafricaines\u2019 deviennent une plateforme d\u2019\u00e9change d\u2019informations et s\u2019engagent \u00e0 devenir une v\u00e9ritable source d\u2019information pour le r\u00e9seau. \u2018Les Panafricaines\u2019 s\u2019engagent en outre \u00e0 faciliter la collaboration professionnelle, soit une entraide et une solidarit\u00e9 constante entre tous les membres du r\u00e9seau. De plus, ce m\u00eame r\u00e9seau mettra en place des formations et des partages d\u2019expertises pour b\u00e9n\u00e9ficier d\u2019aides aupr\u00e8s d\u2019institutions et d\u2019organismes internationaux. Les membres du r\u00e9seau s\u2019engagent \u00e0 promouvoir l\u2019image des Panafricaines aupr\u00e8s des m\u00e9dias de leurs pays respectifs. Enfin, toute journaliste africaine parrain\u00e9e par un membre du r\u00e9seau pourra rejoindre l\u2019organisation \u00e0 condition de respecter son r\u00e8glement et ses objectifs \u00bb.<\/p>\n<p>Les Panafricaines ont commun\u00e9ment d\u00e9cid\u00e9 de mettre en place un comit\u00e9 de suivi, constitu\u00e9 des chefs d\u2019ateliers repr\u00e9sentatifs de six r\u00e9gions du continent en plus du Maroc. Il sera charg\u00e9 de la mise en \u0153uvre du plan d\u2019actions vot\u00e9 lors de cette deuxi\u00e8me \u00e9dition du Forum.<\/p>\n<p>Le r\u00e9seau dispose \u00e9galement aujourd\u2019hui d\u2019un comit\u00e9 permanent, qui constitue la cheville ouvri\u00e8re des Panafricaines pour les deux prochaines ann\u00e9es. Ses membres ont exprim\u00e9 leur volont\u00e9 de s\u2019engager pleinement pour l\u2019action des Panafricaines et repr\u00e9sentent des m\u00e9dias de neuf pays du continent : Niger, Mali, S\u00e9n\u00e9gal, Cameroun, Egypte, Madagascar, Tchad, Ethiopie et Maroc.<\/p>\n<p>Troisi\u00e8me et plus haute instance de gouvernance du r\u00e9seau, le conseil des sages est constitu\u00e9 de dix panafricaines qui occupent une place centrale au sein du paysage m\u00e9diatique africain. Ce conseil sera le garant du respect d\u2019un code d\u00e9ontologique et \u00e9thique \u00e9tendu \u00e0 l\u2019ensemble de l\u2019organisation, tout en mettant \u00e0 disposition ses diff\u00e9rentes expertises au b\u00e9n\u00e9fice des comit\u00e9s de suivi et du comit\u00e9 permanent.<\/p>\n<p>\u00ab Nous avons voulu mettre en place une structure adapt\u00e9e, ambitieuse, dynamique, qui prend en charge les pr\u00e9occupations des panafricaines. Nous voulons \u00eatre une organisation efficace. Il nous fallait donc des structures solides, comme un comit\u00e9 permanent qui dispose d\u2019un mandat de deux ans, un comit\u00e9 de suivi, qui permettra de porter sur le terrain la question de la migration pendant une ann\u00e9e, et un conseil des sages qui nous accompagnera, nous encadrera et nous conseillera. Je pense que ces trois structures donneront forme \u00e0 l\u2019ambition des Panafricaines, qui est d\u2019\u00eatre une organisation de journalistes qui parlent pour le continent, avec une r\u00e9alit\u00e9 positive du continent \u00bb, a pr\u00e9cis\u00e9 Houreye Thiam, journaliste \u00e0 la Radio-T\u00e9l\u00e9vision du S\u00e9n\u00e9gal.<br \/>\nLa structuration de l\u2019organisation du r\u00e9seau \u00ab Les Panafricaines \u00bb contribuera au renforcement des capacit\u00e9s de ses membres. La nouvelle organisation mise en place lors de cette 2\u00e8me \u00e9dition assurera la p\u00e9rennisation de l\u2019action des Panafricaines et traduit d\u2019ores et d\u00e9j\u00e0 l\u2019esprit de solidarit\u00e9 et de coop\u00e9ration caract\u00e9risant les femmes journalistes d\u2019Afrique.<\/p>\n<p>(Communiqu\u00e9 de presse)<\/p>\n","protected":false},"excerpt":{"rendered":"<p>Casablanca, le 27 octobre 2018 \u2013 Initi\u00e9e par le groupe 2M et port\u00e9e par Radio 2M, la 2\u00e8me \u00e9dition du Forum des femmes journalistes d\u2019Afrique a \u00e9t\u00e9 marqu\u00e9e par la mise en place officielle des structures organisationnelles du r\u00e9seau \u00ab Les Panafricaines \u00bb. Un mod\u00e8le qui est le fruit des discussions men\u00e9es lors d\u2019un atelier [&hellip;]<\/p>\n","protected":false},"author":1,"featured_media":327,"comment_status":"open","ping_status":"open","sticky":false,"template":"","format":"standard","meta":{"footnotes":""},"categories":[3,7],"tags":[],"_links":{"self":[{"href":"https:\/\/africawomenexperts.com\/lng\/fr\/api\/wp\/v2\/posts\/326"}],"collection":[{"href":"https:\/\/africawomenexperts.com\/lng\/fr\/api\/wp\/v2\/posts"}],"about":[{"href":"https:\/\/africawomenexperts.com\/lng\/fr\/api\/wp\/v2\/types\/post"}],"author":[{"embeddable":true,"href":"https:\/\/africawomenexperts.com\/lng\/fr\/api\/wp\/v2\/users\/1"}],"replies":[{"embeddable":true,"href":"https:\/\/africawomenexperts.com\/lng\/fr\/api\/wp\/v2\/comments?post=326"}],"version-history":[{"count":3,"href":"https:\/\/africawomenexperts.com\/lng\/fr\/api\/wp\/v2\/posts\/326\/revisions"}],"predecessor-version":[{"id":345,"href":"https:\/\/africawomenexperts.com\/lng\/fr\/api\/wp\/v2\/posts\/326\/revisions\/345"}],"wp:featuredmedia":[{"embeddable":true,"href":"https:\/\/africawomenexperts.com\/lng\/fr\/api\/wp\/v2\/media\/327"}],"wp:attachment":[{"href":"https:\/\/africawomenexperts.com\/lng\/fr\/api\/wp\/v2\/media?parent=326"}],"wp:term":[{"taxonomy":"category","embeddable":true,"href":"https:\/\/africawomenexperts.com\/lng\/fr\/api\/wp\/v2\/categories?post=326"},{"taxonomy":"post_tag","embeddable":true,"href":"https:\/\/africawomenexperts.com\/lng\/fr\/api\/wp\/v2\/tags?post=326"}],"curies":[{"name":"wp","href":"https:\/\/api.w.org\/{rel}","templated":true}]}}