{"id":319,"date":"2018-10-29T17:59:11","date_gmt":"2018-10-29T16:59:11","guid":{"rendered":"http:\/\/africawomenexperts.com\/lng\/fr\/?p=319"},"modified":"2018-10-30T15:12:02","modified_gmt":"2018-10-30T14:12:02","slug":"premiere-journee-du-forum-les-panafricaines-sept-ateliers-thematiques-autour-de-la-question-migratoire","status":"publish","type":"post","link":"https:\/\/africawomenexperts.com\/lng\/fr\/2018\/10\/premiere-journee-du-forum-les-panafricaines-sept-ateliers-thematiques-autour-de-la-question-migratoire\/","title":{"rendered":"Les Panafricaines: sept ateliers th\u00e9matiques autour de la question migratoire marquent la premi\u00e8re journ\u00e9e"},"content":{"rendered":"<blockquote><p>&#8211; Les Panafricaines r\u00e9unies en ateliers ont b\u00e9n\u00e9fici\u00e9 de l\u2019expertise d\u2019accompagnants de tr\u00e8s haut niveau.<br \/>\n&#8211; Les travaux des ateliers serviront de base \u00e0 l\u2019\u00e9laboration du plan d\u2019action 2018-2019 du R\u00e9seau des Panafricaines.<\/p><\/blockquote>\n<p>Casablanca, le 26 octobre 2018 &#8211; La premi\u00e8re journ\u00e9e du Forum des Femmes Journalistes d\u2019Afrique \u00ab\u00a0Les Panafricaines\u00a0\u00bb s\u2019est achev\u00e9e ce vendredi 26 octobre \u00e0 Casablanca.<\/p>\n<p style=\"text-align: justify;\">Apr\u00e8s une matin\u00e9e\u00a0consacr\u00e9e \u00e0 l\u2019ouverture du Forum, et au Grand D\u00e9bat sous le th\u00e8me\u00a0: \u00ab\u00a0D\u2019une rive \u00e0 l\u2019autre, pour un regard juste sur les migrants\u00a0\u00bb, les Panafricaines ont consacr\u00e9 l\u2019apr\u00e8s-midi \u00e0 des ateliers th\u00e9matiques \u00e0 huis clos.<\/p>\n<p style=\"text-align: justify;\">7 ateliers ont ainsi \u00e9t\u00e9 d\u00e9di\u00e9s \u00e0 diverses dimensions de la question migratoire. Le premier atelier a apport\u00e9 des \u00e9l\u00e9ments de r\u00e9ponse \u00e0 une question fondamentale\u00a0: \u00ab Quel traitement journalistique des questions migratoires ? \u00bb. Les \u00e9changes ont \u00e9t\u00e9 conduits par Mehdi ALIOUA, docteur en sociologie et enseignant-chercheur en sciences politiques, et Pr\u00e9sident de l\u2019association anti-raciste \u00ab GADEM \u00bb. A l\u2019issue de l\u2019atelier, celui-ci a d\u00e9clar\u00e9\u00a0que \u00ab\u00a0l\u2019\u00e9thique doit \u00eatre au centre du m\u00e9tier journalistique. Celle-ci se d\u00e9cline sur plusieurs volets dont la vigilance s\u00e9mantique et linguistique. En effet, le langage utilis\u00e9 dans les m\u00e9dias est un puissant vecteur d\u2019opinions d\u2019o\u00f9 la n\u00e9cessit\u00e9 de s\u2019arr\u00eater et de repenser l\u2019utilisation de certains termes usuels tels que \u2018subsahariens\u2019, \u2018Africains\u2019, \u2018clandestins\u2019 qui, \u00e0 long terme, fa\u00e7onnent des perspectives n\u00e9gatives autour de la question migratoire\u00bb.<\/p>\n<p style=\"text-align: justify;\">Le deuxi\u00e8me atelier a \u00e9t\u00e9 organis\u00e9 autour du th\u00e8me \u00ab Mineurs en errance, comment cerner un ph\u00e9nom\u00e8ne complexe ? \u00bb. Le Dr Najat MJID, experte ind\u00e9pendante des droits de l\u2019enfant aupr\u00e8s des Nations Unies et fondatrice de l\u2019association \u00ab Bayti \u00bb pour les enfants de la rue a insist\u00e9 \u00e0 cette occasion sur \u00ab\u00a0l\u2019importance du respect d\u2019un code d\u2019\u00e9thique et de conduite dans le traitement de la question de la migration des enfants dans la presse. Nous devons \u00e9quilibrer l\u2019int\u00e9r\u00eat sup\u00e9rieur de l\u2019enfant et les exigences de l\u2019audimat et des orientations journalistiques des m\u00e9dias\u00a0\u00bb.<\/p>\n<p style=\"text-align: justify;\">Le troisi\u00e8me atelier avait pour th\u00e8me\u00a0: \u00ab Mobilit\u00e9s f\u00e9minines : une nouvelle dynamique migratoire \u00bb. L\u2019accompagnatrice Awa Meite VAN TIL, r\u00e9alisatrice et militante pour les droits des migrants a soulign\u00e9 \u00ab\u00a0l\u2019importance de mettre en lumi\u00e8re l\u2019universalit\u00e9 et la f\u00e9minisation progressive du ph\u00e9nom\u00e8ne migratoire. Ceci dit, malgr\u00e9 de nombreux points communs entre nos parcours respectifs, il faut savoir valoriser la diversit\u00e9 et la richesse de nos exp\u00e9riences individuelles \u00bb.<\/p>\n<p style=\"text-align: justify;\">Avec pour th\u00e8me \u00ab Migrations climatiques et s\u00e9curit\u00e9 alimentaire \u00bb, le 4\u00e8me atelier s\u2019est pench\u00e9 sur la dimension pr\u00e9occupante de l\u2019impact des changements climatiques sur les d\u00e9placements de populations en Afrique. C\u2019est l\u2019expert accompagnant de cet atelier, Marouane TOUALI, chercheur et sp\u00e9cialiste des questions migratoires et Charg\u00e9 de mission au Conseil National des Droits de l\u2019Homme (CNDH) qui a men\u00e9 les d\u00e9bats autour de cette \u00ab\u00a0question cruciale et commune \u00e0 l\u2019ensemble du continent africain\u00a0\u00bb. Selon lui, les participantes \u00e0 son atelier ont soulign\u00e9 leur besoin d\u2019avoir acc\u00e8s \u00e0 plus d\u2019information sur l\u2019impact des changements climatiques. \u00ab\u00a0Il faut un r\u00e9seau d\u2019experts pour les accompagner, elles doivent \u00e9galement se rapprocher des politiques et des instances onusiennes comme l\u2019OIM, le PNUE pour avoir acc\u00e8s \u00e0 plus d\u2019informations cruciales.<\/p>\n<p style=\"text-align: justify;\">Le cinqui\u00e8me atelier a permis de traiter le th\u00e8me\u00a0: \u00ab Migrations intra-africaines : une chance pour le d\u00e9veloppement \u00bb. L\u2019occasion pour Abdou Soul\u00e9ye DIOP, ex-pr\u00e9sident de la commission Afrique et Sud-Sud \u00e0 la Conf\u00e9d\u00e9ration G\u00e9n\u00e9rale des Entreprises Marocaines, de citer les nombreuses cons\u00e9quences positives de la migration intra-africaine dont \u00ab\u00a0le d\u00e9veloppement de nombreux secteurs d\u2019activit\u00e9s dans les pays de destination, le brassage culturel qui permet aux pays de s\u2019ouvrir sur le reste du continent, le d\u00e9veloppement du commerce intra-africain et m\u00eame l\u2019acc\u00e9l\u00e9ration de l\u2019int\u00e9gration r\u00e9gionale \u00a0\u00bb.<\/p>\n<p style=\"text-align: justify;\">Pour traiter un sujet, il faut en ma\u00eetriser les donn\u00e9es. Le 6\u00e8me atelier, organis\u00e9 autour du th\u00e8me \u00ab Migrations africaines : de l\u2019importance de disposer de donn\u00e9es fiables \u00bb a permis \u00e0\u00a0Ir\u00e8ne Fernande EKOUTA, coordinatrice de r\u00e9daction du m\u00e9dia lejournalducameroun.com, de mettre en avant une probl\u00e9matique centrale partag\u00e9e par l\u2019ensemble des m\u00e9dias africains\u00a0: \u00ab\u00a0Pour l\u2019instant, nous nous fions \u00e0 des organisations internationales telles que l\u2019OIM ou la Croix Rouge en ce qui concerne les donn\u00e9es de la migration africaine. Ceci dit, nous sommes enthousiastes \u00e0 l\u2019id\u00e9e de r\u00e9colter des donn\u00e9es produites sur le continent, notamment des sources gouvernementales. En termes de traitement et d\u2019\u00e9thique professionnelle, il est sain d\u2019adresser les donn\u00e9es des organisations internationales avec un regard critique. Les chiffres consacr\u00e9s pour le moment donnent une impression de catastrophisme imminent car ils sont syst\u00e9matiquement mis en avant. Il s\u2019av\u00e8re urgent et n\u00e9cessaire de se baser sur des \u00e9tudes actualis\u00e9es, des donn\u00e9es mises \u00e0 jour ce qui nous permettra \u00e0 nous, journalistes, de fournir \u00e0 nos lecteurs et \u00e0 nos auditeurs une analyse lucide et objective\u00a0sur la question migratoire \u00bb.<\/p>\n<p style=\"text-align: justify;\">Le septi\u00e8me et dernier atelier a quant \u00e0 lui trait\u00e9 des \u00ab Structures et mod\u00e8le organisationnel du r\u00e9seau \u00ab Les Panafricaines \u00bb\u00a0\u00bb. C\u2019est Adil MAAZOUZ, animateur de l\u2019atelier et sp\u00e9cialiste des questions juridiques dans le secteur des m\u00e9dias &#8211; 2M, qui a r\u00e9sum\u00e9 l\u2019importance de \u00ab\u00a0p\u00e9renniser et professionnaliser l\u2019action des Panafricaines\u00a0en fixant un cadre juridico-l\u00e9gal solide. De nombreuses options se pr\u00e9sentent \u00e0 nos cons\u0153urs qui, au vu de la richesse des contenus produits par le r\u00e9seau, ont tout int\u00e9r\u00eat \u00e0 capitaliser sur ses ramifications continentales, voire mondiales gr\u00e2ce aux diverses diasporas, et leurs expertise internationale\u00a0\u00bb.<\/p>\n<p style=\"text-align: justify;\">Pour rappel, la deuxi\u00e8me \u00e9dition du Forum des Panafricaines r\u00e9unit \u00e0 Casablanca plus de 200 femmes journalistes en provenance des 54 pays.<\/p>\n<p style=\"text-align: justify;\">La mobilisation des Panafricaines se d\u00e9roulera sur 2 jours. Cette premi\u00e8re journ\u00e9e est consacr\u00e9e aux d\u00e9bats et aux ateliers, qui permettront d\u2019aborder les diff\u00e9rentes facettes de la migration sur le continent.<\/p>\n<p style=\"text-align: justify;\">La deuxi\u00e8me journ\u00e9e sera quant \u00e0 elle consacr\u00e9e \u00e0 la restitution des travaux, et \u00e0 un vote qui permettra de d\u00e9terminer les priorit\u00e9s du plan d\u2019action qui sera d\u00e9ploy\u00e9 sur l\u2019ann\u00e9e 2018-2019 par Les Panafricaines.<\/p>\n<p style=\"text-align: justify;\">(Communiqu\u00e9 de presse)<\/p>\n","protected":false},"excerpt":{"rendered":"<p>&#8211; Les Panafricaines r\u00e9unies en ateliers ont b\u00e9n\u00e9fici\u00e9 de l\u2019expertise d\u2019accompagnants de tr\u00e8s haut niveau. &#8211; Les travaux des ateliers serviront de base \u00e0 l\u2019\u00e9laboration du plan d\u2019action 2018-2019 du R\u00e9seau des Panafricaines. Casablanca, le 26 octobre 2018 &#8211; La premi\u00e8re journ\u00e9e du Forum des Femmes Journalistes d\u2019Afrique \u00ab\u00a0Les Panafricaines\u00a0\u00bb s\u2019est achev\u00e9e ce vendredi 26 [&hellip;]<\/p>\n","protected":false},"author":1,"featured_media":320,"comment_status":"open","ping_status":"open","sticky":false,"template":"","format":"standard","meta":{"footnotes":""},"categories":[3,7],"tags":[],"_links":{"self":[{"href":"https:\/\/africawomenexperts.com\/lng\/fr\/api\/wp\/v2\/posts\/319"}],"collection":[{"href":"https:\/\/africawomenexperts.com\/lng\/fr\/api\/wp\/v2\/posts"}],"about":[{"href":"https:\/\/africawomenexperts.com\/lng\/fr\/api\/wp\/v2\/types\/post"}],"author":[{"embeddable":true,"href":"https:\/\/africawomenexperts.com\/lng\/fr\/api\/wp\/v2\/users\/1"}],"replies":[{"embeddable":true,"href":"https:\/\/africawomenexperts.com\/lng\/fr\/api\/wp\/v2\/comments?post=319"}],"version-history":[{"count":2,"href":"https:\/\/africawomenexperts.com\/lng\/fr\/api\/wp\/v2\/posts\/319\/revisions"}],"predecessor-version":[{"id":329,"href":"https:\/\/africawomenexperts.com\/lng\/fr\/api\/wp\/v2\/posts\/319\/revisions\/329"}],"wp:featuredmedia":[{"embeddable":true,"href":"https:\/\/africawomenexperts.com\/lng\/fr\/api\/wp\/v2\/media\/320"}],"wp:attachment":[{"href":"https:\/\/africawomenexperts.com\/lng\/fr\/api\/wp\/v2\/media?parent=319"}],"wp:term":[{"taxonomy":"category","embeddable":true,"href":"https:\/\/africawomenexperts.com\/lng\/fr\/api\/wp\/v2\/categories?post=319"},{"taxonomy":"post_tag","embeddable":true,"href":"https:\/\/africawomenexperts.com\/lng\/fr\/api\/wp\/v2\/tags?post=319"}],"curies":[{"name":"wp","href":"https:\/\/api.w.org\/{rel}","templated":true}]}}