{"id":316,"date":"2018-10-29T17:50:33","date_gmt":"2018-10-29T16:50:33","guid":{"rendered":"http:\/\/africawomenexperts.com\/lng\/fr\/?p=316"},"modified":"2018-10-30T15:13:29","modified_gmt":"2018-10-30T14:13:29","slug":"forum-des-femmes-journalistes-dafrique-les-panafricaines-presentation-du-plan-daction-2018-2019","status":"publish","type":"post","link":"https:\/\/africawomenexperts.com\/lng\/fr\/2018\/10\/forum-des-femmes-journalistes-dafrique-les-panafricaines-presentation-du-plan-daction-2018-2019\/","title":{"rendered":"Les Panafricaines:  Pr\u00e9sentation du plan d\u2019action 2018-2019"},"content":{"rendered":"<p style=\"text-align: justify;\">Casablanca, le 27 octobre 2018 &#8211; Apr\u00e8s une premi\u00e8re journ\u00e9e consacr\u00e9e aux d\u00e9bats et aux ateliers th\u00e9matiques traitant de la question migratoire, la deuxi\u00e8me journ\u00e9e du Forum \u00ab\u00a0Les Panafricaines\u00a0\u00bb s\u2019est articul\u00e9e autour des restitutions des travaux des ateliers, suivies d\u2019un vote pour hi\u00e9rarchiser les priorit\u00e9s du plan d\u2019actions \u00e0 suivre en 2018-2019.<\/p>\n<p style=\"text-align: justify;\">Plus de 200 femmes journalistes en provenance des 54 pays africains ont particip\u00e9 \u00e0 sept ateliers th\u00e9matiques portant sur divers aspects et r\u00e9alit\u00e9s du ph\u00e9nom\u00e8ne migratoire.<\/p>\n<p style=\"text-align: justify;\">La session de restitution a permis aux chefs d\u2019ateliers, accompagn\u00e9es des experts encadrants, de pr\u00e9senter un plaidoyer en faveur de la th\u00e9matique qu\u2019elles ont choisi de porter. En effet, la veille, \u00ab\u00a0Les Panafricaines\u00a0\u00bb ont d\u00e9battu de six th\u00e9matiques importantes, \u00e0 savoir\u00a0:<br \/>\n&#8211; \u00ab Quel traitement journalistique des questions migratoires ? \u00bb<br \/>\n&#8211; \u00ab Mineurs en errance, comment cerner un ph\u00e9nom\u00e8ne complexe ? \u00bb<br \/>\n&#8211; \u00ab Mobilit\u00e9s f\u00e9minines : une nouvelle dynamique migratoire \u00bb<br \/>\n&#8211; \u00ab Migrations climatiques et s\u00e9curit\u00e9 alimentaire\u00a0\u00bb<br \/>\n&#8211; \u00ab Migrations intra-africaines : une chance pour le d\u00e9veloppement \u00bb<br \/>\n&#8211; \u00ab Migrations africaines : de l\u2019importance de disposer de donn\u00e9es fiables \u00bb<\/p>\n<p style=\"text-align: justify;\">Ces plaidoyers, accompagn\u00e9s de projections de vid\u00e9os-t\u00e9moins, ont permis de mettre en avant les diff\u00e9rentes pistes d\u2019action privil\u00e9gi\u00e9es par les participantes du Forum.<\/p>\n<p style=\"text-align: justify;\">\u00ab\u00a0Les Panafricaines\u00a0\u00bb, apr\u00e8s avoir \u00e9cout\u00e9 l\u2019ensemble des plaidoyers, ont proc\u00e9d\u00e9 \u00e0 un vote \u00e9lectronique en vue de hi\u00e9rarchiser les priorit\u00e9s du plan d\u2019actions 2018-2019. Un vote qui a permis de situer la migration f\u00e9minine en t\u00eate des priorit\u00e9s pour l\u2019ann\u00e9e, avec 22% des suffrages. La probl\u00e9matique du traitement journalistique de la question migratoire a \u00e9t\u00e9 la deuxi\u00e8me th\u00e9matique la plus pl\u00e9biscit\u00e9e (18%), suivie, ex-aequo, de l\u2019importance de disposer de donn\u00e9es fiables et du th\u00e8me des mineurs en errance, avec 16% des voix.<\/p>\n<p style=\"text-align: justify;\">Le th\u00e8me de la migration climatique a quant \u00e0 lui retenu 14% des votes, suivi de la probl\u00e9matique des migrations intra-africaines (13%).<\/p>\n<p style=\"text-align: justify;\">Une fois les priorit\u00e9s d\u2019action d\u00e9finies, la restitution de septi\u00e8me et dernier atelier, consacr\u00e9 aux structures et mod\u00e8le organisationnel du r\u00e9seau \u00ab Les Panafricaines \u00bb, a permis d\u2019expliquer le syst\u00e8me de fonctionnement qu\u2019adoptera le r\u00e9seau des femmes journalistes d\u2019Afrique afin de r\u00e9aliser les objectifs fix\u00e9s.<\/p>\n<p style=\"text-align: justify;\">Initi\u00e9 par le groupe 2M, le Forum \u00ab\u00a0Les Panafricaines\u00a0\u00bb, le r\u00e9seau des femmes journalistes d\u2019Afrique, a r\u00e9uni cette ann\u00e9e plus de 200 journalistes des 54 pays du continent. L\u2019ambition exprim\u00e9e \u00e0 la cl\u00f4ture de l\u2019\u00e9v\u00e9nement \u00e9tait de voir ce r\u00e9seau se d\u00e9velopper et cro\u00eetre davantage pour inclure encore plus de professionnelles des m\u00e9dias, notamment \u00e0 travers un syst\u00e8me de parrainage.<\/p>\n<p>(Communiqu\u00e9 de presse)<\/p>\n","protected":false},"excerpt":{"rendered":"<p>Casablanca, le 27 octobre 2018 &#8211; Apr\u00e8s une premi\u00e8re journ\u00e9e consacr\u00e9e aux d\u00e9bats et aux ateliers th\u00e9matiques traitant de la question migratoire, la deuxi\u00e8me journ\u00e9e du Forum \u00ab\u00a0Les Panafricaines\u00a0\u00bb s\u2019est articul\u00e9e autour des restitutions des travaux des ateliers, suivies d\u2019un vote pour hi\u00e9rarchiser les priorit\u00e9s du plan d\u2019actions \u00e0 suivre en 2018-2019. Plus de 200 [&hellip;]<\/p>\n","protected":false},"author":1,"featured_media":317,"comment_status":"open","ping_status":"open","sticky":false,"template":"","format":"standard","meta":{"footnotes":""},"categories":[3,7],"tags":[],"_links":{"self":[{"href":"https:\/\/africawomenexperts.com\/lng\/fr\/api\/wp\/v2\/posts\/316"}],"collection":[{"href":"https:\/\/africawomenexperts.com\/lng\/fr\/api\/wp\/v2\/posts"}],"about":[{"href":"https:\/\/africawomenexperts.com\/lng\/fr\/api\/wp\/v2\/types\/post"}],"author":[{"embeddable":true,"href":"https:\/\/africawomenexperts.com\/lng\/fr\/api\/wp\/v2\/users\/1"}],"replies":[{"embeddable":true,"href":"https:\/\/africawomenexperts.com\/lng\/fr\/api\/wp\/v2\/comments?post=316"}],"version-history":[{"count":2,"href":"https:\/\/africawomenexperts.com\/lng\/fr\/api\/wp\/v2\/posts\/316\/revisions"}],"predecessor-version":[{"id":330,"href":"https:\/\/africawomenexperts.com\/lng\/fr\/api\/wp\/v2\/posts\/316\/revisions\/330"}],"wp:featuredmedia":[{"embeddable":true,"href":"https:\/\/africawomenexperts.com\/lng\/fr\/api\/wp\/v2\/media\/317"}],"wp:attachment":[{"href":"https:\/\/africawomenexperts.com\/lng\/fr\/api\/wp\/v2\/media?parent=316"}],"wp:term":[{"taxonomy":"category","embeddable":true,"href":"https:\/\/africawomenexperts.com\/lng\/fr\/api\/wp\/v2\/categories?post=316"},{"taxonomy":"post_tag","embeddable":true,"href":"https:\/\/africawomenexperts.com\/lng\/fr\/api\/wp\/v2\/tags?post=316"}],"curies":[{"name":"wp","href":"https:\/\/api.w.org\/{rel}","templated":true}]}}