{"id":296,"date":"2018-10-29T00:37:51","date_gmt":"2018-10-28T23:37:51","guid":{"rendered":"http:\/\/africawomenexperts.com\/lng\/fr\/?p=296"},"modified":"2018-10-29T17:43:34","modified_gmt":"2018-10-29T16:43:34","slug":"ouverture-de-la-deuxieme-edition-du-forum-des-femmes-journalistes-dafrique-les-panafricaines","status":"publish","type":"post","link":"https:\/\/africawomenexperts.com\/lng\/fr\/2018\/10\/ouverture-de-la-deuxieme-edition-du-forum-des-femmes-journalistes-dafrique-les-panafricaines\/","title":{"rendered":"Ouverture de la deuxi\u00e8me \u00e9dition du Forum des femmes journalistes d\u2019Afrique \u00ab\u00a0Les Panafricaines\u00a0\u00bb"},"content":{"rendered":"<blockquote><p>&#8211; Deux jours de d\u00e9bats et ateliers autour de la question migratoire et son traitement m\u00e9diatique.<br \/>\n&#8211; 200 journalistes en provenance des 54 pays du continent prennent part \u00e0 la rencontre.<\/p><\/blockquote>\n<p style=\"text-align: justify;\">Casablanca, le 26 octobre 2018 &#8211; La 2 \u00e8me \u00e9dition du Forum \u00ab\u00a0Les Panafricaines\u00a0\u00bb s\u2019est ouverte ce vendredi 26 octobre \u00e0 Casablanca. Plus de 200 femmes journalistes en provenance des 54 pays africains se sont r\u00e9unies en vue d\u2019\u00e9changer autour des r\u00f4les et perspectives m\u00e9diatiques sur la question migratoire. La session d\u2019ouverture s\u2019est d\u00e9roul\u00e9e en pr\u00e9sence de Nasser Bourita, Ministre des Affaires Etrang\u00e8res et de la Coop\u00e9ration Internationale, ainsi que de repr\u00e9sentants d\u2019organisations internationales et des m\u00e9dias nationaux et internationaux. <\/p>\n<p style=\"text-align: justify;\"> A l\u2019initiative du groupe 2M, le Forum des femmes journalistes d\u2019Afrique nourrit l\u2019ambition de contribuer \u00e0 un \u00e9veil citoyen sur la responsabilit\u00e9 des m\u00e9dias et leur r\u00f4le dans la construction d\u2019une opinion au sein des soci\u00e9t\u00e9s africaines.\u00a0 Comme l\u2019a soulign\u00e9 Salim Cheikh, Directeur G\u00e9n\u00e9ral de 2M, lors de son mot d\u2019ouverture\u00a0: \u00ab\u00a0je formule l\u2019espoir que le Forum porte en lui les pr\u00e9misses d\u2019un traitement plus juste, plus \u00e9quitable de la question migratoire et que la voix de l\u2019Afrique sur cette question soit port\u00e9e par nous, les Africains \u00a0\u00bb.<\/p>\n<p style=\"text-align: justify;\"> Soulignant que la perception du continent n\u2019est pas syst\u00e9matiquement repr\u00e9sentative des acquis et avanc\u00e9es africaines, le Ministre des Affaires Etrang\u00e8res et de la Coop\u00e9ration Internationale a not\u00e9 lors de son allocution que \u00ab\u00a0l\u2019image de l\u2019Afrique est import\u00e9e. Elle est fabriqu\u00e9e dans des r\u00e9dactions d\u2019ailleurs, charg\u00e9e de st\u00e9r\u00e9otypes, parfois d\u2019id\u00e9ologie et pourtant int\u00e9gr\u00e9e et consomm\u00e9e en Afrique par des Africains.\u00a0Et Nasser Bourita d\u2019ajouter que \u00ab\u00a0l\u2019Afrique sera \u00e9cras\u00e9e sous le poids de sa propre image, aussi longtemps que celle-ci lui \u00e9chappera, car l\u2019Afrique qui a c\u0153ur \u00e0 \u00e9crire sa propre histoire gagne aussi \u00e0 fa\u00e7onner sa propre image\u00a0\u00bb.<\/p>\n<p style=\"text-align: justify;\"> Le chef de la diplomatie marocaine a donc appel\u00e9 les Panafricaines \u00e0 trouver le moyen de d\u00e9multiplier la port\u00e9e de leur d\u00e9marche, en privil\u00e9giant une \u00abinformation structur\u00e9e qui ne se contente pas de communiquer mais qui mobilise, [\u2026] qui ne se contente pas d\u2019appeler au changement mais qui le provoque, l\u2019accompagne, et parfois-m\u00eame, le pr\u00e9c\u00e8de\u00a0\u00bb.<\/p>\n<p style=\"text-align: justify;\"> Nasser Bourita a \u00e9galement rappel\u00e9 que le 10 D\u00e9cembre prochain sera lanc\u00e9, \u00e0 l\u2019occasion de l\u2019adoption du Pacte Mondial pour les Migrations \u00e0 Marrakech, le futur Observatoire Africain des\u00a0 Migrations. Une institution mise en place par l\u2019Union Africaine, sur proposition de SM le Roi Mohammed VI. Un projet primordial, car \u00ab\u00a0dans un contexte o\u00f9 la connaissance du ph\u00e9nom\u00e8ne migratoire est consubstantielle \u00e0 sa gestion, l\u2019observatoire est l\u2019incarnation d\u2019un afro-optimisme pragmatique\u00a0\u00bb.<\/p>\n<p style=\"text-align: justify;\"> Ainsi, autour d\u2019une th\u00e9matique forte\u00a0: \u00ab Migrations africaines : une chance pour le continent, une responsabilit\u00e9 pour les m\u00e9dias \u00bb, Les Panafricaines se r\u00e9unissent pour mettre en lumi\u00e8re les enjeux de la migration africaine et agir pour placer cette probl\u00e9matique au c\u0153ur des pr\u00e9occupations des m\u00e9dias de leurs pays respectifs. <\/p>\n<p style=\"text-align: justify;\"> S\u2019exprimant au sujet du choix de cette th\u00e9matique, Fathia El Aouni, R\u00e9dactrice en Chef Principale, en charge de l\u2019antenne de Radio 2M a rappel\u00e9 que \u00ab les migrants qui font l\u2019actualit\u00e9 aujourd\u2019hui sont montr\u00e9s du doigt, trop souvent stigmatis\u00e9s. Nous, en tant que m\u00e9dias, sommes tous responsables de ce regard. Nous avons donc une responsabilit\u00e9, nous journalistes, pour d\u00e9construire les mythes et r\u00e9tablir la v\u00e9rit\u00e9.\u00a0\u00bb<\/p>\n<p style=\"text-align: justify;\"> Sylvie Panika, Directrice de Radio Nd\u00e9k\u00e9 Luka en Centrafrique, a d\u00e9clar\u00e9 que \u00ab\u00a0pour certains, le choix de cette th\u00e9matique peut \u00eatre une surprise, tant nous sommes habitu\u00e9s \u00e0 voir plut\u00f4t les femmes parler de parit\u00e9 et d\u2019\u00e9galit\u00e9 lorsqu\u2019elles se r\u00e9unissent. Mais la migration est une th\u00e9matique d\u2019actualit\u00e9, et nous, au niveau des m\u00e9dias, nous nous devons d\u2019apporter des r\u00e9ponses \u00e0 la mani\u00e8re de pr\u00e9senter cette probl\u00e9matique, pour qu\u2019elle soit per\u00e7ue autrement.\u00a0\u00bb<\/p>\n<p style=\"text-align: justify;\"> Plus jeune journaliste pr\u00e9sente parmi les Panafricaines, Sise Sawaneh, journaliste \u00e0 The Gambia Radio and Television Services (Radio-T\u00e9l\u00e9vision Nationale de Gambie), a \u00e9galement salu\u00e9 le choix de cette th\u00e9matique, d\u00e9clarant que \u00ab\u00a0le th\u00e8me que nous abordons aujourd\u2019hui est extr\u00eamement important et tr\u00e8s f\u00e9d\u00e9rateur. L\u2019objectif est d\u2019identifier les best practices pour le traitement de cette probl\u00e9matique dans les diff\u00e9rents pays du continent.\u00a0\u00bb<\/p>\n<p style=\"text-align: justify;\"> Pour Evelyne Umererwa, pr\u00e9sentatrice \u00e0 la T\u00e9l\u00e9vision Nationale du Rwanda, cette deuxi\u00e8me \u00e9dition sera \u00ab\u00a0l\u2019occasion de d\u00e9battre et d\u2019\u00e9changer les id\u00e9es autour d\u2019une th\u00e9matique forte. Aussi, au-del\u00e0 des \u00e9changes, nous allons surtout d\u00e9cider des actions que nous devons mener pour jouer pleinement notre r\u00f4le et aider nos Etats respectifs \u00e0 adresser cette probl\u00e9matique.\u00a0\u00bb<\/p>\n<p style=\"text-align: justify;\"> Une ambition \u00e9galement partag\u00e9e par Chantal Ehouman, journaliste \u00e0 la Radio-T\u00e9l\u00e9vision Nationale de C\u00f4te d\u2019Ivoire, pour qui \u201cla migration est un th\u00e8me d\u2019actualit\u00e9 tr\u00e8s important. Au sortir de ce Forum, je souhaite que nous puissions trouver une solution durable et efficace pour aider les dirigeants de nos pays respectifs \u00e0 prendre des d\u00e9cisions pour aider les migrants.\u201d<\/p>\n<p style=\"text-align: justify;\"> Enfin, Odile Raharijaona, Directrice G\u00e9n\u00e9rale de la Revue de l\u2019Oc\u00e9an Indien de Madagascar, a quant \u00e0 elle pr\u00e9cis\u00e9 que \u00ab cette deuxi\u00e8me \u00e9dition verra un renforcement du r\u00e9seau des Panafricaines, qui ne peut que consolider l\u2019ambition des femmes journalistes du continent d\u2019\u00eatre fortes ensemble et d\u2019avancer\u00a0\u00bb.<\/p>\n<p style=\"text-align: justify;\"> La mobilisation des Panafricaines se d\u00e9roulera sur 2 jours. Cette premi\u00e8re journ\u00e9e est consacr\u00e9e aux d\u00e9bats et aux ateliers, qui permettront d\u2019aborder les diff\u00e9rentes facettes de la migration sur le continent.<\/p>\n<p style=\"text-align: justify;\"> La deuxi\u00e8me journ\u00e9e sera quant \u00e0 elle consacr\u00e9e \u00e0 la restitution des travaux, et \u00e0 un vote qui permettra de d\u00e9terminer les priorit\u00e9s du plan d\u2019action qui sera d\u00e9ploy\u00e9 sur l\u2019ann\u00e9e 2018-2019 par Les Panafricaines.<\/p>\n<p>Seule on va vite, ensemble on va plus loin <\/p>\n","protected":false},"excerpt":{"rendered":"<p>&#8211; Deux jours de d\u00e9bats et ateliers autour de la question migratoire et son traitement m\u00e9diatique. &#8211; 200 journalistes en provenance des 54 pays du continent prennent part \u00e0 la rencontre. Casablanca, le 26 octobre 2018 &#8211; La 2 \u00e8me \u00e9dition du Forum \u00ab\u00a0Les Panafricaines\u00a0\u00bb s\u2019est ouverte ce vendredi 26 octobre \u00e0 Casablanca. Plus de [&hellip;]<\/p>\n","protected":false},"author":1,"featured_media":297,"comment_status":"open","ping_status":"open","sticky":false,"template":"","format":"standard","meta":{"footnotes":""},"categories":[3,7],"tags":[],"_links":{"self":[{"href":"https:\/\/africawomenexperts.com\/lng\/fr\/api\/wp\/v2\/posts\/296"}],"collection":[{"href":"https:\/\/africawomenexperts.com\/lng\/fr\/api\/wp\/v2\/posts"}],"about":[{"href":"https:\/\/africawomenexperts.com\/lng\/fr\/api\/wp\/v2\/types\/post"}],"author":[{"embeddable":true,"href":"https:\/\/africawomenexperts.com\/lng\/fr\/api\/wp\/v2\/users\/1"}],"replies":[{"embeddable":true,"href":"https:\/\/africawomenexperts.com\/lng\/fr\/api\/wp\/v2\/comments?post=296"}],"version-history":[{"count":3,"href":"https:\/\/africawomenexperts.com\/lng\/fr\/api\/wp\/v2\/posts\/296\/revisions"}],"predecessor-version":[{"id":300,"href":"https:\/\/africawomenexperts.com\/lng\/fr\/api\/wp\/v2\/posts\/296\/revisions\/300"}],"wp:featuredmedia":[{"embeddable":true,"href":"https:\/\/africawomenexperts.com\/lng\/fr\/api\/wp\/v2\/media\/297"}],"wp:attachment":[{"href":"https:\/\/africawomenexperts.com\/lng\/fr\/api\/wp\/v2\/media?parent=296"}],"wp:term":[{"taxonomy":"category","embeddable":true,"href":"https:\/\/africawomenexperts.com\/lng\/fr\/api\/wp\/v2\/categories?post=296"},{"taxonomy":"post_tag","embeddable":true,"href":"https:\/\/africawomenexperts.com\/lng\/fr\/api\/wp\/v2\/tags?post=296"}],"curies":[{"name":"wp","href":"https:\/\/api.w.org\/{rel}","templated":true}]}}