{"id":238,"date":"2018-09-10T01:14:02","date_gmt":"2018-09-09T23:14:02","guid":{"rendered":"http:\/\/smartprog.ma\/awe\/fr\/?p=238"},"modified":"2018-10-25T02:04:16","modified_gmt":"2018-10-25T00:04:16","slug":"les-panafricaines-ledition-de-laction","status":"publish","type":"post","link":"https:\/\/africawomenexperts.com\/lng\/fr\/2018\/09\/les-panafricaines-ledition-de-laction\/","title":{"rendered":"Les Panafricaines : l\u2019\u00e9dition de l\u2019action"},"content":{"rendered":"<p style=\"text-align: justify;\">Organis\u00e9e les 26 et 27 octobre 2018 \u00e0 Casablanca, la deuxi\u00e8me \u00e9dition du Forum des femmes journalistes d\u2019Afrique est celle de l\u2019action. En effet, cet \u00e9v\u00e9nement majeur &#8211; initi\u00e9 par 2M, port\u00e9 par Radio 2M avec le soutien du Comit\u00e9 Parit\u00e9 et Diversit\u00e9 de 2M\u2013a vu une mont\u00e9e en puissance de son r\u00e9seau, non seulement en termes de couverture g\u00e9ographique ou de nombre de participantes, mais aussi en mati\u00e8re d\u2019approche m\u00e9thodologique et th\u00e9matique.<\/p>\n<p style=\"text-align: justify;\">Le Forum f\u00e9d\u00e8re, cette ann\u00e9e, plus de 200 femmes journalistes influentes venues des 54 pays de l\u2019Afrique. Le but \u00e9tant de construire une force de lobbying \u00e0 m\u00eame d\u2019agir aupr\u00e8s des pouvoirs publics. Ce sont plus de 200 journalistes repr\u00e9sentants de 50 radios, 16 agences de presse, 35 t\u00e9l\u00e9visions, 70 supports de presse et 24 m\u00e9dias digitaux qui ont r\u00e9pondu \u00e0 l\u2019appel. Sont \u00e9galement pr\u00e9sents des membres de la soci\u00e9t\u00e9 civile, des experts, des repr\u00e9sentants d\u2019organisations internationales ainsi que des institutions publiques. A l\u2019issu du Forum, seront produits un rapport de l\u2019ensemble des travaux ainsi qu\u2019une synth\u00e8se du Plan d\u2019Action 2018\/2019 qui sera adopt\u00e9.<\/p>\n<p style=\"text-align: justify;\">\n<p style=\"text-align: justify;\">Cette deuxi\u00e8me \u00e9dition r\u00e9pond au th\u00e8me \u00ab\u00a0Migrations africaines\u00a0: Une chance pour le continent, une responsabilit\u00e9 pour les m\u00e9dias\u00a0\u00bb. Elle aura pour objectifs de\u00a0:<\/p>\n<ul style=\"text-align: justify;\">\n<li>Mobiliser les m\u00e9dias africains pour la stimulation de d\u00e9bats publics autour des questions de la migration.<\/li>\n<li>Contribuer \u00e0 corriger l\u2019image du migrant aux yeux des opinions publiques, que ce soit en Afrique ou dans le reste du monde.<\/li>\n<li>Favoriser une plus grande visibilit\u00e9 des questions migratoires sp\u00e9cifiques aux femmes, que ce soit dans leur pays d\u2019origine ou leur pays d\u2019accueil.<\/li>\n<li>S\u2019appuyer sur le r\u00e9seau des \u00ab\u00a0Panafricaines\u00a0\u00bb pour consolider le respect des r\u00e8gles de d\u00e9ontologie journalistique et d\u2019\u00e9thique professionnelle dans le traitement des questions migratoires.<\/li>\n<li>S\u2019\u00e9riger en v\u00e9ritable force de proposition et influer sur les organisations m\u00e9diatiques essentielles \u00e0 une diffusion efficace et puissante de l\u2019information.<\/li>\n<li>Contribuer au renforcement des capacit\u00e9s des Panafricaines souhaitant d\u00e9velopper une expertise sur les questions migratoires, et ce dans le cadre d\u2019une approche solidaire et concert\u00e9e.<\/li>\n<\/ul>\n<p style=\"text-align: justify;\">Tous ces objectifs nourrissent l\u2019ambition de contribuer \u00e0 un \u00e9veil citoyen sur la responsabilit\u00e9 des m\u00e9dias et leur r\u00f4le dans la construction d\u2019une opinion au sein des soci\u00e9t\u00e9s africaines.<\/p>\n<p style=\"text-align: justify;\">\n<p style=\"text-align: justify;\">Le th\u00e8me central, celui de la question migratoire, est un sujet qui fait sans cesse la Une des m\u00e9dias et qui constitue un v\u00e9ritable ph\u00e9nom\u00e8ne mondial. Selon les Nations-Unies, le nombre de migrants internationaux a atteint en d\u00e9but d\u2019ann\u00e9e les 258 millions. En d\u2019autres termes, le nombre de migrants internationaux a augment\u00e9 plus vite que la population mondiale. Mais la migration n\u2019est pas pour autant une fatalit\u00e9. Les m\u00e9dias, de par les images qu\u2019ils diffusent, les reportages qu\u2019ils r\u00e9alisent, et les articles qu\u2019ils \u00e9crivent, ont une part de responsabilit\u00e9 ind\u00e9niable sur ce ph\u00e9nom\u00e8ne.<\/p>\n<p style=\"text-align: justify;\">\n<p style=\"text-align: justify;\">Pour rappel, la premi\u00e8re \u00e9dition, organis\u00e9e le 8 mars 2017 \u00e0 Marrakech, a connu la participation de 100 journalistes venues de 23 pays d\u2019Afrique francophone. Toutes ont pu participer \u00e0 des workshops autour de diff\u00e9rentes th\u00e9matiques regroupant les pr\u00e9occupations des femmes journalistes en Afrique, le renforcement des synergies entre journalistes du continent, la responsabilit\u00e9 des m\u00e9dias dans la propagation des st\u00e9r\u00e9otypes, le respect de l\u2019\u00e9galit\u00e9 femme-homme dans les m\u00e9dias africains, entre autres.<\/p>\n<p style=\"text-align: justify;\">Ces sessions de travail ont \u00e9galement permis de r\u00e9colter les opinions des participantes et leurs pr\u00e9occupations, mais aussi leurs recommandations pour l\u2019am\u00e9lioration de la condition des femmes journalistes en Afrique. Ces recommandations ont servi de base \u00e0 l\u2019\u00e9laboration de la \u00ab Charte du R\u00e9seau des Femmes Journalistes d\u2019Afrique \u00bb.<\/p>\n","protected":false},"excerpt":{"rendered":"<p>Organis\u00e9e les 26 et 27 octobre 2018 \u00e0 Casablanca, la deuxi\u00e8me \u00e9dition du Forum des femmes journalistes d\u2019Afrique est celle de l\u2019action. En effet, cet \u00e9v\u00e9nement majeur &#8211; initi\u00e9 par 2M, port\u00e9 par Radio 2M avec le soutien du Comit\u00e9 Parit\u00e9 et Diversit\u00e9 de 2M\u2013a vu une mont\u00e9e en puissance de son r\u00e9seau, non seulement [&hellip;]<\/p>\n","protected":false},"author":1,"featured_media":240,"comment_status":"open","ping_status":"open","sticky":false,"template":"","format":"standard","meta":{"footnotes":""},"categories":[3],"tags":[],"_links":{"self":[{"href":"https:\/\/africawomenexperts.com\/lng\/fr\/api\/wp\/v2\/posts\/238"}],"collection":[{"href":"https:\/\/africawomenexperts.com\/lng\/fr\/api\/wp\/v2\/posts"}],"about":[{"href":"https:\/\/africawomenexperts.com\/lng\/fr\/api\/wp\/v2\/types\/post"}],"author":[{"embeddable":true,"href":"https:\/\/africawomenexperts.com\/lng\/fr\/api\/wp\/v2\/users\/1"}],"replies":[{"embeddable":true,"href":"https:\/\/africawomenexperts.com\/lng\/fr\/api\/wp\/v2\/comments?post=238"}],"version-history":[{"count":8,"href":"https:\/\/africawomenexperts.com\/lng\/fr\/api\/wp\/v2\/posts\/238\/revisions"}],"predecessor-version":[{"id":292,"href":"https:\/\/africawomenexperts.com\/lng\/fr\/api\/wp\/v2\/posts\/238\/revisions\/292"}],"wp:featuredmedia":[{"embeddable":true,"href":"https:\/\/africawomenexperts.com\/lng\/fr\/api\/wp\/v2\/media\/240"}],"wp:attachment":[{"href":"https:\/\/africawomenexperts.com\/lng\/fr\/api\/wp\/v2\/media?parent=238"}],"wp:term":[{"taxonomy":"category","embeddable":true,"href":"https:\/\/africawomenexperts.com\/lng\/fr\/api\/wp\/v2\/categories?post=238"},{"taxonomy":"post_tag","embeddable":true,"href":"https:\/\/africawomenexperts.com\/lng\/fr\/api\/wp\/v2\/tags?post=238"}],"curies":[{"name":"wp","href":"https:\/\/api.w.org\/{rel}","templated":true}]}}