{"id":635,"date":"2019-06-26T13:32:29","date_gmt":"2019-06-26T11:32:29","guid":{"rendered":"http:\/\/africawomenexperts.com\/lng\/fr\/?p=635"},"modified":"2019-06-26T13:32:29","modified_gmt":"2019-06-26T11:32:29","slug":"kamissa-camara-une-repatriee-qui-gravit-les-echelons-au-mali","status":"publish","type":"post","link":"http:\/\/africawomenexperts.com\/lng\/fr\/2019\/06\/kamissa-camara-une-repatriee-qui-gravit-les-echelons-au-mali\/","title":{"rendered":"Kamissa Camara, une \u201crepatri\u00e9e\u201d qui gravit les \u00e9chelons au Mali"},"content":{"rendered":"<p dir=\"ltr\"><strong>Kamissa Camara est une tri-nationale qui a regagn\u00e9 le Mali apr\u00e8s une carri\u00e8re aux Etats-Unis. Depuis, elle gravit un \u00e0 un les \u00e9chelons de la diplomatie malienne. Portrait.<\/strong><\/p>\n<p dir=\"ltr\">N\u00e9e en 1983 \u00e0 Grenoble de parents maliens arriv\u00e9s en France dans les ann\u00e9es 70, Kamissa Camara incarne cette g\u00e9n\u00e9ration de \u201crepatri\u00e9s\u201d, ces jeunes des diasporas africaines qui rentrent s\u2019installer sur le continent apr\u00e8s avoir pass\u00e9 une grande partie de leur vie \u00e0 l\u2019\u00e9tranger. A 36 ans, elle est aujourd\u2019hui la ministre de l\u2019\u00e9conomie num\u00e9rique et de la prospective sous la houlette du Pr\u00e9sident malien Ibrahim Boubacar Ke\u00efta depuis le 5 mai 2019.<\/p>\n<p dir=\"ltr\">Apr\u00e8s des \u00e9tudes \u00e0 Grenoble et \u00e0 Paris jusqu\u2019en 2007, elle b\u00e9n\u00e9ficie de la loterie am\u00e9ricaine &#8211; un ami l\u2019a inscrite \u00e0 son insu &#8211; et s\u2019envole, avec 3000 dollars pour seule fortune, vers l\u2019autre rive de l\u2019Atlantique o\u00f9 elle d\u00e9croche un premier job \u00e0 l\u2019International Foundation for Electoral Systems (IFES). Durant ses quatre ann\u00e9es au sein de cet organisme, elle est charg\u00e9e des questions \u00e9lectorales en Afrique de l\u2019Ouest. Elle officie ensuite au National Endowment for Democracy (NED) puis travaille pour PartnersGlobal, deux ONG am\u00e9ricaines engag\u00e9es dans la promotion de la d\u00e9mocratie et de la bonne gouvernance et appuyant la soci\u00e9t\u00e9 civile en Afrique subsaharienne. En parall\u00e8le, elle fonde le Forum strat\u00e9gique sur le Sahel, qui organise des s\u00e9minaires sur les grands enjeux de cette r\u00e9gion.<\/p>\n<p dir=\"ltr\">S\u2019ensuit une v\u00e9ritable ascension au sein de la diplomatie malienne pour la tri-nationale (Mali, France et Etats-Unis). Rep\u00e9r\u00e9e au d\u00e9but de l\u2019ann\u00e9e 2018 par Ibrahim Boubacar Ke\u00efta, elle acc\u00e8de, sous l\u2019impulsion de celui-ci, au poste de conseill\u00e8re diplomatique en juillet de la m\u00eame ann\u00e9e. Seulement trois mois plus tard, voil\u00e0 qu\u2019il la propulse en tant que ministre des Affaires \u00e9trang\u00e8res.<\/p>\n<p dir=\"ltr\">Celle qui, de l\u2019aveu de l\u2019entourage du Chef d\u2019Etat, <i>\u201crepr\u00e9sente la jeunesse et incarne l\u2019avenir\u201d<\/i>, s\u2019inscrivait de ce fait parfaitement dans l\u2019intention \u00e9nonc\u00e9e par celui-ci au cours de son discours d\u2019investiture, lorsqu\u2019il promettait que son second mandat constituerait <i>\u201cune passation de pouvoir \u00e0 la jeune g\u00e9n\u00e9ration<\/i>\u201d. Un pari audacieux puisque Kamissa Camara est, au moment de sa premi\u00e8re nomination, une novice en politique.<\/p>\n<p dir=\"ltr\"><strong>Yassine Benslimane<\/strong><\/p>\n<p dir=\"ltr\"><strong>Africa Women Experts<\/strong><\/p>\n","protected":false},"excerpt":{"rendered":"<p>Kamissa Camara est une tri-nationale qui a regagn\u00e9 le Mali apr\u00e8s une carri\u00e8re aux Etats-Unis. Depuis, elle gravit un \u00e0 un les \u00e9chelons de la diplomatie malienne. Portrait. N\u00e9e en 1983 \u00e0 Grenoble de parents maliens arriv\u00e9s en France dans les ann\u00e9es 70, Kamissa Camara incarne cette g\u00e9n\u00e9ration de \u201crepatri\u00e9s\u201d, ces jeunes des diasporas africaines [&hellip;]<\/p>\n","protected":false},"author":1,"featured_media":636,"comment_status":"open","ping_status":"open","sticky":false,"template":"","format":"standard","meta":{"footnotes":""},"categories":[3],"tags":[],"_links":{"self":[{"href":"http:\/\/africawomenexperts.com\/lng\/fr\/api\/wp\/v2\/posts\/635"}],"collection":[{"href":"http:\/\/africawomenexperts.com\/lng\/fr\/api\/wp\/v2\/posts"}],"about":[{"href":"http:\/\/africawomenexperts.com\/lng\/fr\/api\/wp\/v2\/types\/post"}],"author":[{"embeddable":true,"href":"http:\/\/africawomenexperts.com\/lng\/fr\/api\/wp\/v2\/users\/1"}],"replies":[{"embeddable":true,"href":"http:\/\/africawomenexperts.com\/lng\/fr\/api\/wp\/v2\/comments?post=635"}],"version-history":[{"count":1,"href":"http:\/\/africawomenexperts.com\/lng\/fr\/api\/wp\/v2\/posts\/635\/revisions"}],"predecessor-version":[{"id":637,"href":"http:\/\/africawomenexperts.com\/lng\/fr\/api\/wp\/v2\/posts\/635\/revisions\/637"}],"wp:featuredmedia":[{"embeddable":true,"href":"http:\/\/africawomenexperts.com\/lng\/fr\/api\/wp\/v2\/media\/636"}],"wp:attachment":[{"href":"http:\/\/africawomenexperts.com\/lng\/fr\/api\/wp\/v2\/media?parent=635"}],"wp:term":[{"taxonomy":"category","embeddable":true,"href":"http:\/\/africawomenexperts.com\/lng\/fr\/api\/wp\/v2\/categories?post=635"},{"taxonomy":"post_tag","embeddable":true,"href":"http:\/\/africawomenexperts.com\/lng\/fr\/api\/wp\/v2\/tags?post=635"}],"curies":[{"name":"wp","href":"https:\/\/api.w.org\/{rel}","templated":true}]}}